{"id":362,"date":"2016-04-18T06:00:54","date_gmt":"2016-04-18T06:00:54","guid":{"rendered":"http:\/\/www.forodeliteratura.com\/i\/?p=362"},"modified":"2016-11-12T16:24:05","modified_gmt":"2016-11-12T16:24:05","slug":"la-chica-del-zapato-azul","status":"publish","type":"post","link":"https:\/\/www.forodeliteratura.com\/i\/la-chica-del-zapato-azul.htm","title":{"rendered":"Rese\u00f1a: La chica del zapato azul"},"content":{"rendered":"<p style=\"text-align: center;\"><em>Sumida en una enorme depresi\u00f3n, la estudiante de segundo curso de medicina, Colette Renard, comienza a escribir un blog, an\u00f3nimo, sobre su vida amorosa, que gira en torno a la repentina desaparici\u00f3n de \u00c1ngel, el encantador chico con qui\u00e9n tuvo un romance de verano y del que se hab\u00eda enamorado perdidamente.<\/em><\/p>\n<p style=\"text-align: center;\"><em>Para su sorpresa, y la de sus dos compa\u00f1eras de piso, el blog se convierte en un \u00e9xito tan abrumador y repentino, entre los adolescentes parisinos, que la prestigiosa revista La Nouvelle Femme le ofrece el trabajo de sus sue\u00f1os como redactora.<\/em><\/p>\n<p style=\"text-align: center;\"><em>La situaci\u00f3n, que parec\u00eda empezar a tornarse id\u00edlica, se complica cuando las redes sociales se vuelcan en intentar localizar y descubrir la identidad del desaparecido muchacho quien, en realidad, no era quien dec\u00eda ser. \u00bfQu\u00e9 ocurrir\u00eda si pusieras en el punto de mira a alguien que deber\u00eda permanecer en el anonimato?<\/em><\/p>\n<p><!--more-->He terminado de leer\u00a0<strong>el primer libro de Javier Mu\u00f1iz<\/strong> y resalto eso del primer libro, porque estoy segura vendr\u00e1n muchos m\u00e1s, y es que despu\u00e9s de disfrutar con la trama\u00a0que ha creado en torno a <a title=\"#UnInocenteBlog\" href=\"https:\/\/twitter.com\/search?q=%23UnInocenteBlog\" target=\"_blank\">#UnInocenteBlog<\/a>,\u00a0una historia que nos mantiene enganchados todo el tiempo que dura su lectura.<\/p>\n<div class=\"su-box su-box-style-default\" id=\"\" style=\"border-color:#cc891a;border-radius:5px;max-width:none\"><div class=\"su-box-title\" style=\"background-color:#FFBC4D;color:#000;border-top-left-radius:3px;border-top-right-radius:3px\">Especificaciones del libro:<\/div><div class=\"su-box-content su-u-clearfix su-u-trim\" style=\"border-bottom-left-radius:3px;border-bottom-right-radius:3px\">\n<p><a href=\"http:\/\/www.forodeliteratura.com\/i\/wp-content\/uploads\/2016\/04\/La-Chica-Del-Zapato-Azul.jpg\" rel=\"attachment wp-att-368\"><img loading=\"lazy\" decoding=\"async\" class=\"alignleft size-thumbnail wp-image-368\" src=\"http:\/\/www.forodeliteratura.com\/i\/wp-content\/uploads\/2016\/04\/La-Chica-Del-Zapato-Azul-150x150.jpg\" alt=\"La Chica Del Zapato Azul\" width=\"150\" height=\"150\" \/><\/a>Nombre del libro: La chica del zapato azul<br \/>\nAutor:\u00a0<a title=\"Twitter de Javier Mu\u00f1iz\" href=\"https:\/\/twitter.com\/javianmuniz\" target=\"_blank\">Javier Mu\u00f1iz<\/a><br \/>\nLugares que salen en el libro: Par\u00eds, Venecia (principalmente)<br \/>\nProtagonistas: Colette y \u00c1ngel<br \/>\nA\u00f1o: 2014<br \/>\n<a title=\"La chica del zapato azul\" href=\"http:\/\/www.casadellibro.com\/ebook-la-chica-del-zapato-azul-ebook\/9788415623625\/2385273\" target=\"_blank\">El libro se consigue en la Casa del Libro<\/a><\/p>\n<\/div><\/div>\n<p style=\"text-align: center;\"><iframe loading=\"lazy\" style=\"border: none;\" src=\"http:\/\/rcm-eu.amazon-adsystem.com\/e\/cm?t=mibldeciytv-21&amp;o=30&amp;p=48&amp;l=ur1&amp;category=libros&amp;banner=1F6P458J3MCNTVSNX9R2&amp;f=ifr\" width=\"728\" height=\"90\" frameborder=\"0\" marginwidth=\"0\" scrolling=\"no\"><\/iframe><\/p>\n<p>Esta rese\u00f1a adem\u00e1s de ser escrita, la he realizado tambi\u00e9n\u00a0en v\u00eddeo, donde te cuento mis impresiones personales sobre ciertos aspectos de la historia.\u00a0He intentado ser muy sutil para no contarte nada importante y as\u00ed tu puedas disfrutar de cada pedazo del libro.<\/p>\n<div class=\"su-divider su-divider-style-default\" style=\"margin:15px 0;border-width:3px;border-color:#f67e43\"><\/div>\n<h2 style=\"text-align: center;\">Califica el libro la chica del zapato azul\u00a0<span id=\"post-ratings-362\" class=\"post-ratings\" data-nonce=\"cfaad04d70\"><img decoding=\"async\" id=\"rating_362_1\" src=\"https:\/\/www.forodeliteratura.com\/i\/wp-content\/plugins\/wp-postratings\/images\/stars_crystal\/rating_on.gif\" alt=\"\" title=\"\" onmouseover=\"current_rating(362, 1, '');\" onmouseout=\"ratings_off(5, 0, 0);\" onclick=\"rate_post();\" onkeypress=\"rate_post();\" style=\"cursor: pointer; border: 0px;\" \/><img decoding=\"async\" id=\"rating_362_2\" src=\"https:\/\/www.forodeliteratura.com\/i\/wp-content\/plugins\/wp-postratings\/images\/stars_crystal\/rating_on.gif\" alt=\"\" title=\"\" onmouseover=\"current_rating(362, 2, '');\" onmouseout=\"ratings_off(5, 0, 0);\" onclick=\"rate_post();\" onkeypress=\"rate_post();\" style=\"cursor: pointer; border: 0px;\" \/><img decoding=\"async\" id=\"rating_362_3\" src=\"https:\/\/www.forodeliteratura.com\/i\/wp-content\/plugins\/wp-postratings\/images\/stars_crystal\/rating_on.gif\" alt=\"\" title=\"\" onmouseover=\"current_rating(362, 3, '');\" onmouseout=\"ratings_off(5, 0, 0);\" onclick=\"rate_post();\" onkeypress=\"rate_post();\" style=\"cursor: pointer; border: 0px;\" \/><img decoding=\"async\" id=\"rating_362_4\" src=\"https:\/\/www.forodeliteratura.com\/i\/wp-content\/plugins\/wp-postratings\/images\/stars_crystal\/rating_on.gif\" alt=\"\" title=\"\" onmouseover=\"current_rating(362, 4, '');\" onmouseout=\"ratings_off(5, 0, 0);\" onclick=\"rate_post();\" onkeypress=\"rate_post();\" style=\"cursor: pointer; border: 0px;\" \/><img decoding=\"async\" id=\"rating_362_5\" src=\"https:\/\/www.forodeliteratura.com\/i\/wp-content\/plugins\/wp-postratings\/images\/stars_crystal\/rating_on.gif\" alt=\"\" title=\"\" onmouseover=\"current_rating(362, 5, '');\" onmouseout=\"ratings_off(5, 0, 0);\" onclick=\"rate_post();\" onkeypress=\"rate_post();\" style=\"cursor: pointer; border: 0px;\" \/><\/span><\/h2>\n<div class=\"su-divider su-divider-style-default\" style=\"margin:15px 0;border-width:3px;border-color:#f67e43\"><\/div>\n<h2>Personajes e historia de\u00a0la chica del zapato azul<\/h2>\n<p><strong>Colette<\/strong> quien es nuestra protagonista. Ella es una joven espa\u00f1ola que anda estudiando en Paris y vive con dos amigas algo locas que no solamente son compa\u00f1eras de cuarto sino tambi\u00e9n buenas amigas. De esas con las que compartes dudas y situaciones buenas y malas que pasan en la vida.<\/p>\n<p>Ella empieza cont\u00e1ndonos lo enamorada que est\u00e1 de un chico que conoci\u00f3 durante poco tiempo, pero que misteriosamente ha desaparecido.\u00a0<strong>Ese tipo de enamoramiento que te deja mal cuando se va.<\/strong><\/p>\n<p>Sin embargo, hay una situaci\u00f3n bastante incomoda con un amigo (ex de una de sus mejores amigas) donde ella se siente atra\u00edda por \u00e9l y es d\u00f3nde me quedan dudas si realmente ama al protagonista de la historia y es que\u00a0cuando uno ama de verdad no se deja llevar por sentimientos pasajeros y menos con personas \u00abprohibidas\u00bb, pero bueno parece ser cosas del clima y de la soledad que vive en un momento vulnerable de su vida.<\/p>\n<p>El tema es que gracias a la situaci\u00f3n que vive empieza a escribir en su blog, no sin antes contar con la presi\u00f3n y \u00abayuda\u00bb de sus amigas, quienes la chantagean para que empiece a <strong>soltar todo eso que siente por este chico misterioso.<\/strong><\/p>\n<p>Es as\u00ed como crea un\u00a0inocente blog que m\u00e1s adelante se convertir\u00e1 en un \u00e9xito que hasta trabajo le conseguir\u00e1 y muchas cosas m\u00e1s&#8230;<\/p>\n<p>Sus amigas, as\u00ed como compa\u00f1eros de trabajo y el Dios griego que casi la hace pecar, forman un grupo de personajes extra interesantes, divertidos y que ayudan a complementar la historia volvi\u00e9ndola amena.<\/p>\n<p><strong>\u00c1ngel<\/strong> que es el protagonista, es un tipo misterioso y aunque solamente sale al principio (y luego despu\u00e9s de la mitad), lo cierto es que durante todo el libro leemos cosas sobre \u00e9l que te ayudar\u00e1n a conocerlo.<\/p>\n<p>De esta manera nos iremos enamorando poco a poco de ese tipo especial y bastante misterioso. As\u00ed que <strong>no te quitar\u00e9 el placer de conocerlo.<\/strong><\/p>\n<div class=\"su-heading su-heading-style-default su-heading-align-center\" id=\"\" style=\"font-size:17px;margin-bottom:20px\"><div class=\"su-heading-inner\">Si quieres ver lo qu\u00e9 se dijo en el <strong>Grupo de Lectura<\/strong>\u00a0y participar de la discusi\u00f3n sobre \u00abla chica del zapato azul\u00bb\u00a0puedes ir al Foro <strong><a href=\"http:\/\/bit.ly\/FDLgl2\" target=\"_blank\">dando clic aqu\u00ed<\/a><\/strong><\/div><\/div>\n<p style=\"text-align: center;\"><a href=\"http:\/\/bit.ly\/FDLgl2\" target=\"_blank\"><img loading=\"lazy\" decoding=\"async\" class=\"aligncenter size-full wp-image-577\" src=\"http:\/\/www.forodeliteratura.com\/i\/wp-content\/uploads\/2016\/04\/La-chica-del-zapato-azul-Grupo2.jpg\" alt=\"La-chica-del-zapato-azul-Grupo2\" width=\"928\" height=\"573\" srcset=\"https:\/\/www.forodeliteratura.com\/i\/wp-content\/uploads\/2016\/04\/La-chica-del-zapato-azul-Grupo2.jpg 928w, https:\/\/www.forodeliteratura.com\/i\/wp-content\/uploads\/2016\/04\/La-chica-del-zapato-azul-Grupo2-300x185.jpg 300w, https:\/\/www.forodeliteratura.com\/i\/wp-content\/uploads\/2016\/04\/La-chica-del-zapato-azul-Grupo2-768x474.jpg 768w\" sizes=\"auto, (max-width: 928px) 100vw, 928px\" \/><\/a><\/p>\n<h2>Lo que me gust\u00f3 de la chica del zapato azul<\/h2>\n<p><i class=\"fa fa-angle-double-right fa-3x\"><\/i> Me gust\u00f3 que el libro siempre, desde su inicio, ha sido interactivo. Javier ha invitado a su comunidad a participar del proceso y eso creo que ha sido un acierto, una buena escuela y un gran aprendizaje tanto para \u00e9l como para las personas que hemos participado.<a href=\"http:\/\/www.forodeliteratura.com\/i\/wp-content\/uploads\/2016\/04\/La-Chica-Del-Zapato-Azul.jpg\" rel=\"attachment wp-att-368\"><img loading=\"lazy\" decoding=\"async\" class=\"alignright size-medium wp-image-368\" src=\"http:\/\/www.forodeliteratura.com\/i\/wp-content\/uploads\/2016\/04\/La-Chica-Del-Zapato-Azul-196x300.jpg\" alt=\"La Chica Del Zapato Azul\" width=\"196\" height=\"300\" srcset=\"https:\/\/www.forodeliteratura.com\/i\/wp-content\/uploads\/2016\/04\/La-Chica-Del-Zapato-Azul-196x300.jpg 196w, https:\/\/www.forodeliteratura.com\/i\/wp-content\/uploads\/2016\/04\/La-Chica-Del-Zapato-Azul-768x1173.jpg 768w, https:\/\/www.forodeliteratura.com\/i\/wp-content\/uploads\/2016\/04\/La-Chica-Del-Zapato-Azul-671x1024.jpg 671w, https:\/\/www.forodeliteratura.com\/i\/wp-content\/uploads\/2016\/04\/La-Chica-Del-Zapato-Azul.jpg 1637w\" sizes=\"auto, (max-width: 196px) 100vw, 196px\" \/><\/a><\/p>\n<p><i class=\"fa fa-angle-double-right fa-3x\"><\/i> Tambi\u00e9n me gust\u00f3 que le haya dado un espacio protag\u00f3nico a sus seguidores no solamente en los agradecimiento, sino en el libro como tal y eso vale mucho, porque lo hace formar parte del cuento y eso creo que tambi\u00e9n es algo que gustar\u00e1 un mont\u00f3n.<\/p>\n<p><i class=\"fa fa-angle-double-right fa-3x\"><\/i> El libro es f\u00e1cil de leer, es sencillo, sin muchas pretensiones, con una historia que es bien llevada, un poquito sacada de la fantas\u00eda, pero muy plausible. Esa sencillez, hace que sea muy f\u00e1cil de leer y que uno se encarrete con la historia y quiera terminarlo.<\/p>\n<p><i class=\"fa fa-angle-double-right fa-3x\"><\/i> La fama que adquiere Colette con su blog y el trabajo so\u00f1ado que encuentra, sin querer queriendo, es algo m\u00e1s que un sue\u00f1o, me parece muy viable, aunque claro nadie crece tan r\u00e1pido en la vida real, al menos no ning\u00fan mortal \ud83d\ude09<\/p>\n<div class=\"su-divider su-divider-style-default\" style=\"margin:15px 0;border-width:3px;border-color:#f67e43\"><\/div>\n<h2 style=\"text-align: center;\">Califica el libro la chica del zapato azul\u00a0<span id=\"post-ratings-362\" class=\"post-ratings\" data-nonce=\"cfaad04d70\"><img decoding=\"async\" id=\"rating_362_1\" src=\"https:\/\/www.forodeliteratura.com\/i\/wp-content\/plugins\/wp-postratings\/images\/stars_crystal\/rating_on.gif\" alt=\"\" title=\"\" onmouseover=\"current_rating(362, 1, '');\" onmouseout=\"ratings_off(5, 0, 0);\" onclick=\"rate_post();\" onkeypress=\"rate_post();\" style=\"cursor: pointer; border: 0px;\" \/><img decoding=\"async\" id=\"rating_362_2\" src=\"https:\/\/www.forodeliteratura.com\/i\/wp-content\/plugins\/wp-postratings\/images\/stars_crystal\/rating_on.gif\" alt=\"\" title=\"\" onmouseover=\"current_rating(362, 2, '');\" onmouseout=\"ratings_off(5, 0, 0);\" onclick=\"rate_post();\" onkeypress=\"rate_post();\" style=\"cursor: pointer; border: 0px;\" \/><img decoding=\"async\" id=\"rating_362_3\" src=\"https:\/\/www.forodeliteratura.com\/i\/wp-content\/plugins\/wp-postratings\/images\/stars_crystal\/rating_on.gif\" alt=\"\" title=\"\" onmouseover=\"current_rating(362, 3, '');\" onmouseout=\"ratings_off(5, 0, 0);\" onclick=\"rate_post();\" onkeypress=\"rate_post();\" style=\"cursor: pointer; border: 0px;\" \/><img decoding=\"async\" id=\"rating_362_4\" src=\"https:\/\/www.forodeliteratura.com\/i\/wp-content\/plugins\/wp-postratings\/images\/stars_crystal\/rating_on.gif\" alt=\"\" title=\"\" onmouseover=\"current_rating(362, 4, '');\" onmouseout=\"ratings_off(5, 0, 0);\" onclick=\"rate_post();\" onkeypress=\"rate_post();\" style=\"cursor: pointer; border: 0px;\" \/><img decoding=\"async\" id=\"rating_362_5\" src=\"https:\/\/www.forodeliteratura.com\/i\/wp-content\/plugins\/wp-postratings\/images\/stars_crystal\/rating_on.gif\" alt=\"\" title=\"\" onmouseover=\"current_rating(362, 5, '');\" onmouseout=\"ratings_off(5, 0, 0);\" onclick=\"rate_post();\" onkeypress=\"rate_post();\" style=\"cursor: pointer; border: 0px;\" \/><\/span><\/h2>\n<div class=\"su-divider su-divider-style-default\" style=\"margin:15px 0;border-width:3px;border-color:#f67e43\"><\/div>\n<h2>Lo que no me gust\u00f3 de la chica del zapato azul<\/h2>\n<p><i class=\"fa fa-angle-double-right fa-3x\"><\/i> Hay una situaci\u00f3n que pasa en el libro entre las amigas, una especia de \u00abtri\u00e1ngulo amoroso\u00bb. Que para m\u00ed es memorable, pero no porque me guste o me sienta identificada y tampoco creo que sea la mejor parte, pero as\u00ed y todo no deja de ser\u00a0algo importante que marca varias situaciones.<\/p>\n<p>Esto nos ense\u00f1a dos cosas: 1) nunca meterte con un ex de una buena amiga y 2) nunca compartir esas cosas en un blog \u00bfQu\u00e9 estar\u00eda pensando? Totalmente inapropiado, porque cuando no quieres que alguien sepa algo no lo compartes con nadie y menos en un blog (punto final).<\/p>\n<p><i class=\"fa fa-angle-double-right fa-3x\"><\/i> El chantaje de las amigas. No soy chantagista y me molesta enormemente ver a gente manipuladora. No aceptar\u00eda que mis amigas hicieran algo as\u00ed conmigo por m\u00e1s cari\u00f1o que me tengan. <strong>No creo en el chantaje como forma de conseguir que alguien act\u00fae<\/strong>, as\u00ed que esa parte no me gust\u00f3. No me identifico con personas as\u00ed.<\/p>\n<p><i class=\"fa fa-angle-double-right fa-3x\"><\/i> No me gust\u00f3 y lo siento: la reconciliaci\u00f3n. Entre tanto te odio, no te perdono y todo eso que lo perdonara as\u00ed de \u00abf\u00e1cil\u00bb me pareci\u00f3 infantil e inmaduro, tal cual ella ha sido en varias partes del libro.<\/p>\n<p>A veces parec\u00eda muy madura y otras era una culicagada que provocaba darle con un rejo a ver si\u00a0despertaba, as\u00ed que esperaba un poquito m\u00e1s de drama en la reconciliaci\u00f3n o al menos algo mucho m\u00e1s elaborado. En esa parte me quedaron debiendo \ud83d\ude42<\/p>\n<p style=\"text-align: center;\"><iframe loading=\"lazy\" style=\"border: none; max-width: 900px; max-height: 600px;\" src=\"http:\/\/rcm-eu.amazon-adsystem.com\/e\/cm?t=mibldeciytv-21&amp;o=30&amp;p=48&amp;l=ur1&amp;category=kindleoasis&amp;banner=064FEXMBWQJVE5YNJFG2&amp;f=ifr\" width=\"728\" height=\"90\" frameborder=\"0\" marginwidth=\"0\" scrolling=\"no\"><\/iframe><\/p>\n<h2>Concretando la chica del zapato azul<\/h2>\n<p>Creo que la historia puede ser una realidad para muchos, no la parte rom\u00e1ntica, sino m\u00e1s bien <strong>la parte del crecimiento del blog y las oportunidades que \u00e9ste puede generarle a las personas.<\/strong><\/p>\n<p>Si quieres saber qu\u00e9 m\u00e1s opino del libro te invito a ver mi primera rese\u00f1a en v\u00eddeo, espero poder hacer una cada que lea\u00a0un\u00a0libro (aunque no con la misma frecuencia).<\/p>\n<p>Me encantar\u00eda saber tu opini\u00f3n en los comentarios para ir mejorando. Este me ha quedado bastante largo, imagino que por ser el primero, tal vez m\u00e1s adelante vaya baj\u00e1ndole a la duraci\u00f3n.<\/p>\n<blockquote><p><em><strong>\u00bfQu\u00e9 tal si me cuentas si has le\u00eddo la chica del zapato azul. \u00bfTe ha gustado, no te ha gustado? \u00bfQu\u00e9 ha sido lo mejor o lo peor del libro?<\/strong><\/em><\/p><\/blockquote>\n<div class=\"su-divider su-divider-style-default\" style=\"margin:15px 0;border-width:3px;border-color:#f67e43\"><\/div>\n<h2 style=\"text-align: center;\">Califica el libro la chica del zapato azul\u00a0<span id=\"post-ratings-362\" class=\"post-ratings\" data-nonce=\"cfaad04d70\"><img decoding=\"async\" id=\"rating_362_1\" src=\"https:\/\/www.forodeliteratura.com\/i\/wp-content\/plugins\/wp-postratings\/images\/stars_crystal\/rating_on.gif\" alt=\"\" title=\"\" onmouseover=\"current_rating(362, 1, '');\" onmouseout=\"ratings_off(5, 0, 0);\" onclick=\"rate_post();\" onkeypress=\"rate_post();\" style=\"cursor: pointer; border: 0px;\" \/><img decoding=\"async\" id=\"rating_362_2\" src=\"https:\/\/www.forodeliteratura.com\/i\/wp-content\/plugins\/wp-postratings\/images\/stars_crystal\/rating_on.gif\" alt=\"\" title=\"\" onmouseover=\"current_rating(362, 2, '');\" onmouseout=\"ratings_off(5, 0, 0);\" onclick=\"rate_post();\" onkeypress=\"rate_post();\" style=\"cursor: pointer; border: 0px;\" \/><img decoding=\"async\" id=\"rating_362_3\" src=\"https:\/\/www.forodeliteratura.com\/i\/wp-content\/plugins\/wp-postratings\/images\/stars_crystal\/rating_on.gif\" alt=\"\" title=\"\" onmouseover=\"current_rating(362, 3, '');\" onmouseout=\"ratings_off(5, 0, 0);\" onclick=\"rate_post();\" onkeypress=\"rate_post();\" style=\"cursor: pointer; border: 0px;\" \/><img decoding=\"async\" id=\"rating_362_4\" src=\"https:\/\/www.forodeliteratura.com\/i\/wp-content\/plugins\/wp-postratings\/images\/stars_crystal\/rating_on.gif\" alt=\"\" title=\"\" onmouseover=\"current_rating(362, 4, '');\" onmouseout=\"ratings_off(5, 0, 0);\" onclick=\"rate_post();\" onkeypress=\"rate_post();\" style=\"cursor: pointer; border: 0px;\" \/><img decoding=\"async\" id=\"rating_362_5\" src=\"https:\/\/www.forodeliteratura.com\/i\/wp-content\/plugins\/wp-postratings\/images\/stars_crystal\/rating_on.gif\" alt=\"\" title=\"\" onmouseover=\"current_rating(362, 5, '');\" onmouseout=\"ratings_off(5, 0, 0);\" onclick=\"rate_post();\" onkeypress=\"rate_post();\" style=\"cursor: pointer; border: 0px;\" \/><\/span><\/h2>\n<div class=\"su-divider su-divider-style-default\" style=\"margin:15px 0;border-width:3px;border-color:#f67e43\"><\/div>\n<h2>Datos del v\u00eddeo:<\/h2>\n<p>Grabado en: Silver Sprint, Estados Unidos<br \/>\nMes: Octubre 2014<br \/>\nDuraci\u00f3n: 12 minutos 16 segundos<br \/>\nSonido: Ambientaci\u00f3n natural de la calle donde se grab\u00f3: buses, carros, gente pasando, ni\u00f1os jugando, p\u00e1jaros, helic\u00f3pteros, etc<\/p>\n<p align=\"center\"><iframe loading=\"lazy\" src=\"\/\/www.youtube.com\/embed\/4_FKsmZGLCw\" width=\"560\" height=\"340\" frameborder=\"0\" allowfullscreen=\"allowfullscreen\"><\/iframe><\/p>\n<p>Si deseas escuchar solamente la grabaci\u00f3n del v\u00eddeo, puedes hacerlo en iVoox. Recuerda que tambi\u00e9n puedes descargar el audio y escucharlo en tu reproductor de m\u00fasica:<\/p>\n<p><iframe loading=\"lazy\" src=\"http:\/\/www.ivoox.com\/player_ej_3667434_2_1.html?data=lJujmZmXeI6ZmKiak5eJd6KllpKSmaiRdo6ZmKiakpKJe6ShkZKSmaiRlsbnxoqwlYqmdcKfxcrZjdHNptPjhpiujbHFb8TcysjOjcnJsIzuwtXO1tSPpdvpzZKSmaiRiMrVz8aYqcbWp8bnjoqkpZKY&amp;\" width=\"100%\" height=\"120\" frameborder=\"0\" scrolling=\"no\" allowfullscreen=\"allowfullscreen\"><\/iframe><\/p>\n<div class=\"su-heading su-heading-style-default su-heading-align-center\" id=\"\" style=\"font-size:17px;margin-bottom:20px\"><div class=\"su-heading-inner\">Si quieres ver lo qu\u00e9 se dijo en el <strong>Grupo de Lectura<\/strong>\u00a0y participar de la discusi\u00f3n sobre \u00abla chica del zapato azul\u00bb\u00a0puedes ir al Foro <strong><a href=\"http:\/\/bit.ly\/FDLgl2\" target=\"_blank\">dando clic aqu\u00ed<\/a><\/strong><\/div><\/div>\n<p><a href=\"http:\/\/bit.ly\/FDLgl2\" target=\"_blank\"><img loading=\"lazy\" decoding=\"async\" class=\"aligncenter size-full wp-image-577\" src=\"http:\/\/www.forodeliteratura.com\/i\/wp-content\/uploads\/2016\/04\/La-chica-del-zapato-azul-Grupo2.jpg\" alt=\"La-chica-del-zapato-azul-Grupo2\" width=\"928\" height=\"573\" srcset=\"https:\/\/www.forodeliteratura.com\/i\/wp-content\/uploads\/2016\/04\/La-chica-del-zapato-azul-Grupo2.jpg 928w, https:\/\/www.forodeliteratura.com\/i\/wp-content\/uploads\/2016\/04\/La-chica-del-zapato-azul-Grupo2-300x185.jpg 300w, https:\/\/www.forodeliteratura.com\/i\/wp-content\/uploads\/2016\/04\/La-chica-del-zapato-azul-Grupo2-768x474.jpg 768w\" sizes=\"auto, (max-width: 928px) 100vw, 928px\" \/><\/a><\/p>\n<p style=\"text-align: center;\"><iframe loading=\"lazy\" style=\"border: none; max-width: 900px; max-height: 600px;\" src=\"http:\/\/rcm-eu.amazon-adsystem.com\/e\/cm?t=mibldeciytv-21&amp;o=30&amp;p=48&amp;l=ur1&amp;category=premium&amp;banner=1E7ZEBFW3E0G3W1WXZ82&amp;f=ifr\" width=\"728\" height=\"90\" frameborder=\"0\" marginwidth=\"0\" scrolling=\"no\"><\/iframe><\/p>\n","protected":false},"excerpt":{"rendered":"<p>Sumida en una enorme depresi\u00f3n, la estudiante de segundo curso de medicina, Colette Renard, comienza a escribir un blog, an\u00f3nimo, sobre su vida amorosa, que gira en torno a la repentina desaparici\u00f3n de \u00c1ngel, el encantador chico con qui\u00e9n tuvo un romance de verano y del que se hab\u00eda enamorado perdidamente. Para su sorpresa, y [&hellip;]<\/p>\n","protected":false},"author":1,"featured_media":368,"comment_status":"open","ping_status":"open","sticky":false,"template":"","format":"standard","meta":{"_genesis_hide_title":false,"_genesis_hide_breadcrumbs":false,"_genesis_hide_singular_image":false,"_genesis_hide_footer_widgets":false,"_genesis_custom_body_class":"","_genesis_custom_post_class":"","_genesis_layout":"","footnotes":""},"categories":[22],"tags":[25,3,7],"class_list":{"0":"post-362","1":"post","2":"type-post","3":"status-publish","4":"format-standard","5":"has-post-thumbnail","7":"category-resumen","8":"tag-contemporanea","9":"tag-novela","10":"tag-romance","11":"entry"},"yoast_head":"<!-- This site is optimized with the Yoast SEO plugin v27.5 - https:\/\/yoast.com\/product\/yoast-seo-wordpress\/ -->\n<title>Rese\u00f1a: La chica del zapato azul<\/title>\n<meta name=\"description\" content=\"La chica del zapato azul es la primera novela de Javier Mu\u00f1iz que nos cuenta la historia de Colette y \u00c1ngel un chico misterioso que la tiene algo enamorada\" \/>\n<meta name=\"robots\" content=\"index, follow, max-snippet:-1, max-image-preview:large, max-video-preview:-1\" \/>\n<link rel=\"canonical\" href=\"https:\/\/www.forodeliteratura.com\/i\/la-chica-del-zapato-azul.htm\" \/>\n<meta property=\"og:locale\" content=\"es_ES\" \/>\n<meta property=\"og:type\" content=\"article\" \/>\n<meta property=\"og:title\" content=\"Rese\u00f1a: La chica del zapato azul\" \/>\n<meta property=\"og:description\" content=\"La chica del zapato azul es la primera novela de Javier Mu\u00f1iz que nos cuenta la historia de Colette y \u00c1ngel un chico misterioso que la tiene algo enamorada\" \/>\n<meta property=\"og:url\" content=\"https:\/\/www.forodeliteratura.com\/i\/la-chica-del-zapato-azul.htm\" \/>\n<meta property=\"og:site_name\" content=\"Blog Foro de Literatura\" \/>\n<meta property=\"article:publisher\" content=\"https:\/\/www.facebook.com\/forodeliteratura\" \/>\n<meta property=\"article:published_time\" content=\"2016-04-18T06:00:54+00:00\" \/>\n<meta property=\"article:modified_time\" content=\"2016-11-12T16:24:05+00:00\" \/>\n<meta property=\"og:image\" content=\"https:\/\/www.forodeliteratura.com\/i\/wp-content\/uploads\/2016\/04\/La-Chica-Del-Zapato-Azul.jpg\" \/>\n\t<meta property=\"og:image:width\" content=\"1637\" \/>\n\t<meta property=\"og:image:height\" content=\"2500\" \/>\n\t<meta property=\"og:image:type\" content=\"image\/jpeg\" \/>\n<meta name=\"author\" content=\"Foro de Literatura\" \/>\n<meta name=\"twitter:card\" content=\"summary_large_image\" \/>\n<meta name=\"twitter:creator\" content=\"@dimiga\" \/>\n<meta name=\"twitter:site\" content=\"@foroliteratura\" \/>\n<meta name=\"twitter:label1\" content=\"Escrito por\" \/>\n\t<meta name=\"twitter:data1\" content=\"Foro de Literatura\" \/>\n\t<meta name=\"twitter:label2\" content=\"Tiempo de lectura\" \/>\n\t<meta name=\"twitter:data2\" content=\"7 minutos\" \/>\n<script type=\"application\/ld+json\" class=\"yoast-schema-graph\">{\"@context\":\"https:\\\/\\\/schema.org\",\"@graph\":[{\"@type\":\"Article\",\"@id\":\"https:\\\/\\\/www.forodeliteratura.com\\\/i\\\/la-chica-del-zapato-azul.htm#article\",\"isPartOf\":{\"@id\":\"https:\\\/\\\/www.forodeliteratura.com\\\/i\\\/la-chica-del-zapato-azul.htm\"},\"author\":{\"name\":\"Foro de Literatura\",\"@id\":\"https:\\\/\\\/www.forodeliteratura.com\\\/i\\\/#\\\/schema\\\/person\\\/e98813bf0f0fd3d2d91d6712f95ac278\"},\"headline\":\"Rese\u00f1a: La chica del zapato azul\",\"datePublished\":\"2016-04-18T06:00:54+00:00\",\"dateModified\":\"2016-11-12T16:24:05+00:00\",\"mainEntityOfPage\":{\"@id\":\"https:\\\/\\\/www.forodeliteratura.com\\\/i\\\/la-chica-del-zapato-azul.htm\"},\"wordCount\":1498,\"commentCount\":58,\"image\":{\"@id\":\"https:\\\/\\\/www.forodeliteratura.com\\\/i\\\/la-chica-del-zapato-azul.htm#primaryimage\"},\"thumbnailUrl\":\"https:\\\/\\\/www.forodeliteratura.com\\\/i\\\/wp-content\\\/uploads\\\/2016\\\/04\\\/La-Chica-Del-Zapato-Azul.jpg\",\"keywords\":[\"Contempor\u00e1nea\",\"Novela\",\"Romance\"],\"articleSection\":[\"Resumen\"],\"inLanguage\":\"es\",\"potentialAction\":[{\"@type\":\"CommentAction\",\"name\":\"Comment\",\"target\":[\"https:\\\/\\\/www.forodeliteratura.com\\\/i\\\/la-chica-del-zapato-azul.htm#respond\"]}]},{\"@type\":\"WebPage\",\"@id\":\"https:\\\/\\\/www.forodeliteratura.com\\\/i\\\/la-chica-del-zapato-azul.htm\",\"url\":\"https:\\\/\\\/www.forodeliteratura.com\\\/i\\\/la-chica-del-zapato-azul.htm\",\"name\":\"Rese\u00f1a: La chica del zapato azul\",\"isPartOf\":{\"@id\":\"https:\\\/\\\/www.forodeliteratura.com\\\/i\\\/#website\"},\"primaryImageOfPage\":{\"@id\":\"https:\\\/\\\/www.forodeliteratura.com\\\/i\\\/la-chica-del-zapato-azul.htm#primaryimage\"},\"image\":{\"@id\":\"https:\\\/\\\/www.forodeliteratura.com\\\/i\\\/la-chica-del-zapato-azul.htm#primaryimage\"},\"thumbnailUrl\":\"https:\\\/\\\/www.forodeliteratura.com\\\/i\\\/wp-content\\\/uploads\\\/2016\\\/04\\\/La-Chica-Del-Zapato-Azul.jpg\",\"datePublished\":\"2016-04-18T06:00:54+00:00\",\"dateModified\":\"2016-11-12T16:24:05+00:00\",\"author\":{\"@id\":\"https:\\\/\\\/www.forodeliteratura.com\\\/i\\\/#\\\/schema\\\/person\\\/e98813bf0f0fd3d2d91d6712f95ac278\"},\"description\":\"La chica del zapato azul es la primera novela de Javier Mu\u00f1iz que nos cuenta la historia de Colette y \u00c1ngel un chico misterioso que la tiene algo enamorada\",\"breadcrumb\":{\"@id\":\"https:\\\/\\\/www.forodeliteratura.com\\\/i\\\/la-chica-del-zapato-azul.htm#breadcrumb\"},\"inLanguage\":\"es\",\"potentialAction\":[{\"@type\":\"ReadAction\",\"target\":[\"https:\\\/\\\/www.forodeliteratura.com\\\/i\\\/la-chica-del-zapato-azul.htm\"]}]},{\"@type\":\"ImageObject\",\"inLanguage\":\"es\",\"@id\":\"https:\\\/\\\/www.forodeliteratura.com\\\/i\\\/la-chica-del-zapato-azul.htm#primaryimage\",\"url\":\"https:\\\/\\\/www.forodeliteratura.com\\\/i\\\/wp-content\\\/uploads\\\/2016\\\/04\\\/La-Chica-Del-Zapato-Azul.jpg\",\"contentUrl\":\"https:\\\/\\\/www.forodeliteratura.com\\\/i\\\/wp-content\\\/uploads\\\/2016\\\/04\\\/La-Chica-Del-Zapato-Azul.jpg\",\"width\":1637,\"height\":2500,\"caption\":\"La Chica Del Zapato Azul\"},{\"@type\":\"BreadcrumbList\",\"@id\":\"https:\\\/\\\/www.forodeliteratura.com\\\/i\\\/la-chica-del-zapato-azul.htm#breadcrumb\",\"itemListElement\":[{\"@type\":\"ListItem\",\"position\":1,\"name\":\"Home\",\"item\":\"https:\\\/\\\/www.forodeliteratura.com\\\/i\\\/\"},{\"@type\":\"ListItem\",\"position\":2,\"name\":\"Rese\u00f1a: La chica del zapato azul\"}]},{\"@type\":\"WebSite\",\"@id\":\"https:\\\/\\\/www.forodeliteratura.com\\\/i\\\/#website\",\"url\":\"https:\\\/\\\/www.forodeliteratura.com\\\/i\\\/\",\"name\":\"Blog Foro de Literatura\",\"description\":\"Cr\u00edtica, resumen y rese\u00f1a de libros\",\"potentialAction\":[{\"@type\":\"SearchAction\",\"target\":{\"@type\":\"EntryPoint\",\"urlTemplate\":\"https:\\\/\\\/www.forodeliteratura.com\\\/i\\\/?s={search_term_string}\"},\"query-input\":{\"@type\":\"PropertyValueSpecification\",\"valueRequired\":true,\"valueName\":\"search_term_string\"}}],\"inLanguage\":\"es\"},{\"@type\":\"Person\",\"@id\":\"https:\\\/\\\/www.forodeliteratura.com\\\/i\\\/#\\\/schema\\\/person\\\/e98813bf0f0fd3d2d91d6712f95ac278\",\"name\":\"Foro de Literatura\",\"image\":{\"@type\":\"ImageObject\",\"inLanguage\":\"es\",\"@id\":\"https:\\\/\\\/secure.gravatar.com\\\/avatar\\\/90ee4101af18fc996c5abfb7a06b832b6cf8e5ca11d45b0bfeae2115e5b18989?s=96&d=mm&r=g\",\"url\":\"https:\\\/\\\/secure.gravatar.com\\\/avatar\\\/90ee4101af18fc996c5abfb7a06b832b6cf8e5ca11d45b0bfeae2115e5b18989?s=96&d=mm&r=g\",\"contentUrl\":\"https:\\\/\\\/secure.gravatar.com\\\/avatar\\\/90ee4101af18fc996c5abfb7a06b832b6cf8e5ca11d45b0bfeae2115e5b18989?s=96&d=mm&r=g\",\"caption\":\"Foro de Literatura\"},\"sameAs\":[\"http:\\\/\\\/www.forodeliteratura.com\\\/\",\"https:\\\/\\\/x.com\\\/dimiga\"],\"url\":\"https:\\\/\\\/www.forodeliteratura.com\\\/i\\\/author\\\/adminfdl\"}]}<\/script>\n<!-- \/ Yoast SEO plugin. -->","yoast_head_json":{"title":"Rese\u00f1a: La chica del zapato azul","description":"La chica del zapato azul es la primera novela de Javier Mu\u00f1iz que nos cuenta la historia de Colette y \u00c1ngel un chico misterioso que la tiene algo enamorada","robots":{"index":"index","follow":"follow","max-snippet":"max-snippet:-1","max-image-preview":"max-image-preview:large","max-video-preview":"max-video-preview:-1"},"canonical":"https:\/\/www.forodeliteratura.com\/i\/la-chica-del-zapato-azul.htm","og_locale":"es_ES","og_type":"article","og_title":"Rese\u00f1a: La chica del zapato azul","og_description":"La chica del zapato azul es la primera novela de Javier Mu\u00f1iz que nos cuenta la historia de Colette y \u00c1ngel un chico misterioso que la tiene algo enamorada","og_url":"https:\/\/www.forodeliteratura.com\/i\/la-chica-del-zapato-azul.htm","og_site_name":"Blog Foro de Literatura","article_publisher":"https:\/\/www.facebook.com\/forodeliteratura","article_published_time":"2016-04-18T06:00:54+00:00","article_modified_time":"2016-11-12T16:24:05+00:00","og_image":[{"width":1637,"height":2500,"url":"https:\/\/www.forodeliteratura.com\/i\/wp-content\/uploads\/2016\/04\/La-Chica-Del-Zapato-Azul.jpg","type":"image\/jpeg"}],"author":"Foro de Literatura","twitter_card":"summary_large_image","twitter_creator":"@dimiga","twitter_site":"@foroliteratura","twitter_misc":{"Escrito por":"Foro de Literatura","Tiempo de lectura":"7 minutos"},"schema":{"@context":"https:\/\/schema.org","@graph":[{"@type":"Article","@id":"https:\/\/www.forodeliteratura.com\/i\/la-chica-del-zapato-azul.htm#article","isPartOf":{"@id":"https:\/\/www.forodeliteratura.com\/i\/la-chica-del-zapato-azul.htm"},"author":{"name":"Foro de Literatura","@id":"https:\/\/www.forodeliteratura.com\/i\/#\/schema\/person\/e98813bf0f0fd3d2d91d6712f95ac278"},"headline":"Rese\u00f1a: La chica del zapato azul","datePublished":"2016-04-18T06:00:54+00:00","dateModified":"2016-11-12T16:24:05+00:00","mainEntityOfPage":{"@id":"https:\/\/www.forodeliteratura.com\/i\/la-chica-del-zapato-azul.htm"},"wordCount":1498,"commentCount":58,"image":{"@id":"https:\/\/www.forodeliteratura.com\/i\/la-chica-del-zapato-azul.htm#primaryimage"},"thumbnailUrl":"https:\/\/www.forodeliteratura.com\/i\/wp-content\/uploads\/2016\/04\/La-Chica-Del-Zapato-Azul.jpg","keywords":["Contempor\u00e1nea","Novela","Romance"],"articleSection":["Resumen"],"inLanguage":"es","potentialAction":[{"@type":"CommentAction","name":"Comment","target":["https:\/\/www.forodeliteratura.com\/i\/la-chica-del-zapato-azul.htm#respond"]}]},{"@type":"WebPage","@id":"https:\/\/www.forodeliteratura.com\/i\/la-chica-del-zapato-azul.htm","url":"https:\/\/www.forodeliteratura.com\/i\/la-chica-del-zapato-azul.htm","name":"Rese\u00f1a: La chica del zapato azul","isPartOf":{"@id":"https:\/\/www.forodeliteratura.com\/i\/#website"},"primaryImageOfPage":{"@id":"https:\/\/www.forodeliteratura.com\/i\/la-chica-del-zapato-azul.htm#primaryimage"},"image":{"@id":"https:\/\/www.forodeliteratura.com\/i\/la-chica-del-zapato-azul.htm#primaryimage"},"thumbnailUrl":"https:\/\/www.forodeliteratura.com\/i\/wp-content\/uploads\/2016\/04\/La-Chica-Del-Zapato-Azul.jpg","datePublished":"2016-04-18T06:00:54+00:00","dateModified":"2016-11-12T16:24:05+00:00","author":{"@id":"https:\/\/www.forodeliteratura.com\/i\/#\/schema\/person\/e98813bf0f0fd3d2d91d6712f95ac278"},"description":"La chica del zapato azul es la primera novela de Javier Mu\u00f1iz que nos cuenta la historia de Colette y \u00c1ngel un chico misterioso que la tiene algo enamorada","breadcrumb":{"@id":"https:\/\/www.forodeliteratura.com\/i\/la-chica-del-zapato-azul.htm#breadcrumb"},"inLanguage":"es","potentialAction":[{"@type":"ReadAction","target":["https:\/\/www.forodeliteratura.com\/i\/la-chica-del-zapato-azul.htm"]}]},{"@type":"ImageObject","inLanguage":"es","@id":"https:\/\/www.forodeliteratura.com\/i\/la-chica-del-zapato-azul.htm#primaryimage","url":"https:\/\/www.forodeliteratura.com\/i\/wp-content\/uploads\/2016\/04\/La-Chica-Del-Zapato-Azul.jpg","contentUrl":"https:\/\/www.forodeliteratura.com\/i\/wp-content\/uploads\/2016\/04\/La-Chica-Del-Zapato-Azul.jpg","width":1637,"height":2500,"caption":"La Chica Del Zapato Azul"},{"@type":"BreadcrumbList","@id":"https:\/\/www.forodeliteratura.com\/i\/la-chica-del-zapato-azul.htm#breadcrumb","itemListElement":[{"@type":"ListItem","position":1,"name":"Home","item":"https:\/\/www.forodeliteratura.com\/i\/"},{"@type":"ListItem","position":2,"name":"Rese\u00f1a: La chica del zapato azul"}]},{"@type":"WebSite","@id":"https:\/\/www.forodeliteratura.com\/i\/#website","url":"https:\/\/www.forodeliteratura.com\/i\/","name":"Blog Foro de Literatura","description":"Cr\u00edtica, resumen y rese\u00f1a de libros","potentialAction":[{"@type":"SearchAction","target":{"@type":"EntryPoint","urlTemplate":"https:\/\/www.forodeliteratura.com\/i\/?s={search_term_string}"},"query-input":{"@type":"PropertyValueSpecification","valueRequired":true,"valueName":"search_term_string"}}],"inLanguage":"es"},{"@type":"Person","@id":"https:\/\/www.forodeliteratura.com\/i\/#\/schema\/person\/e98813bf0f0fd3d2d91d6712f95ac278","name":"Foro de Literatura","image":{"@type":"ImageObject","inLanguage":"es","@id":"https:\/\/secure.gravatar.com\/avatar\/90ee4101af18fc996c5abfb7a06b832b6cf8e5ca11d45b0bfeae2115e5b18989?s=96&d=mm&r=g","url":"https:\/\/secure.gravatar.com\/avatar\/90ee4101af18fc996c5abfb7a06b832b6cf8e5ca11d45b0bfeae2115e5b18989?s=96&d=mm&r=g","contentUrl":"https:\/\/secure.gravatar.com\/avatar\/90ee4101af18fc996c5abfb7a06b832b6cf8e5ca11d45b0bfeae2115e5b18989?s=96&d=mm&r=g","caption":"Foro de Literatura"},"sameAs":["http:\/\/www.forodeliteratura.com\/","https:\/\/x.com\/dimiga"],"url":"https:\/\/www.forodeliteratura.com\/i\/author\/adminfdl"}]}},"_links":{"self":[{"href":"https:\/\/www.forodeliteratura.com\/i\/wp-json\/wp\/v2\/posts\/362","targetHints":{"allow":["GET"]}}],"collection":[{"href":"https:\/\/www.forodeliteratura.com\/i\/wp-json\/wp\/v2\/posts"}],"about":[{"href":"https:\/\/www.forodeliteratura.com\/i\/wp-json\/wp\/v2\/types\/post"}],"author":[{"embeddable":true,"href":"https:\/\/www.forodeliteratura.com\/i\/wp-json\/wp\/v2\/users\/1"}],"replies":[{"embeddable":true,"href":"https:\/\/www.forodeliteratura.com\/i\/wp-json\/wp\/v2\/comments?post=362"}],"version-history":[{"count":13,"href":"https:\/\/www.forodeliteratura.com\/i\/wp-json\/wp\/v2\/posts\/362\/revisions"}],"predecessor-version":[{"id":373,"href":"https:\/\/www.forodeliteratura.com\/i\/wp-json\/wp\/v2\/posts\/362\/revisions\/373"}],"wp:featuredmedia":[{"embeddable":true,"href":"https:\/\/www.forodeliteratura.com\/i\/wp-json\/wp\/v2\/media\/368"}],"wp:attachment":[{"href":"https:\/\/www.forodeliteratura.com\/i\/wp-json\/wp\/v2\/media?parent=362"}],"wp:term":[{"taxonomy":"category","embeddable":true,"href":"https:\/\/www.forodeliteratura.com\/i\/wp-json\/wp\/v2\/categories?post=362"},{"taxonomy":"post_tag","embeddable":true,"href":"https:\/\/www.forodeliteratura.com\/i\/wp-json\/wp\/v2\/tags?post=362"}],"curies":[{"name":"wp","href":"https:\/\/api.w.org\/{rel}","templated":true}]}}